{"id":1625,"date":"2023-06-19T15:40:35","date_gmt":"2023-06-19T15:40:35","guid":{"rendered":"https:\/\/medf.unze.ba\/?p=1625"},"modified":"2023-06-19T15:40:35","modified_gmt":"2023-06-19T15:40:35","slug":"i-dan-summer-school-healthy-aging-challenges-in-bih","status":"publish","type":"post","link":"https:\/\/medf.unze.ba\/en\/and-day-of-summer-school-healthy-aging-challenges-in-bih\/","title":{"rendered":"I Day Summer School &quot;Healthy Aging Challenges in BIH&quot;"},"content":{"rendered":"<p>Today, the summer school organized by the Faculty of Medicine of the University of Zenica under the name Summer School &quot;Healthy Aging Challenges in BIH&quot; started. The opening ceremony was held at 10:00 a.m. in the amphitheater of the Faculty of Medicine and continued with lectures by eminent experts.<\/p>\n<p>On behalf of the faculty, the dean, Prof. Harun Hod\u017ei\u0107, who also opened the summer school, addressed the participants, while the participants were greeted by the Minister of Education, Science, Culture and Sports of the ZDK Dra\u017eenka Suba\u0161i\u0107, and on behalf of the University of Zenica, Prof. Fuad Had\u017eikaduni\u0107, Vice-Rector for Scientific \u2013 research work.<\/p>\n<p><img loading=\"lazy\" decoding=\"async\" class=\"size-medium wp-image-1626 aligncenter\" src=\"https:\/\/medf.unze.ba\/wp-content\/uploads\/2023\/06\/IMG_4762-300x225.jpg\" alt=\"\" width=\"300\" height=\"225\" srcset=\"https:\/\/medf.unze.ba\/wp-content\/uploads\/2023\/06\/IMG_4762-300x225.jpg 300w, https:\/\/medf.unze.ba\/wp-content\/uploads\/2023\/06\/IMG_4762-1024x768.jpg 1024w, https:\/\/medf.unze.ba\/wp-content\/uploads\/2023\/06\/IMG_4762-768x576.jpg 768w, https:\/\/medf.unze.ba\/wp-content\/uploads\/2023\/06\/IMG_4762-1536x1152.jpg 1536w, https:\/\/medf.unze.ba\/wp-content\/uploads\/2023\/06\/IMG_4762-2048x1536.jpg 2048w\" sizes=\"auto, (max-width: 300px) 100vw, 300px\" \/><img loading=\"lazy\" decoding=\"async\" class=\"size-medium wp-image-1627 aligncenter\" src=\"https:\/\/medf.unze.ba\/wp-content\/uploads\/2023\/06\/IMG_4770-300x225.jpg\" alt=\"\" width=\"300\" height=\"225\" srcset=\"https:\/\/medf.unze.ba\/wp-content\/uploads\/2023\/06\/IMG_4770-300x225.jpg 300w, https:\/\/medf.unze.ba\/wp-content\/uploads\/2023\/06\/IMG_4770-1024x768.jpg 1024w, https:\/\/medf.unze.ba\/wp-content\/uploads\/2023\/06\/IMG_4770-768x576.jpg 768w, https:\/\/medf.unze.ba\/wp-content\/uploads\/2023\/06\/IMG_4770-1536x1152.jpg 1536w, https:\/\/medf.unze.ba\/wp-content\/uploads\/2023\/06\/IMG_4770-2048x1536.jpg 2048w\" sizes=\"auto, (max-width: 300px) 100vw, 300px\" \/><img loading=\"lazy\" decoding=\"async\" class=\"size-medium wp-image-1634 aligncenter\" src=\"https:\/\/medf.unze.ba\/wp-content\/uploads\/2023\/06\/IMG_4753-300x225.jpg\" alt=\"\" width=\"300\" height=\"225\" srcset=\"https:\/\/medf.unze.ba\/wp-content\/uploads\/2023\/06\/IMG_4753-300x225.jpg 300w, https:\/\/medf.unze.ba\/wp-content\/uploads\/2023\/06\/IMG_4753-1024x768.jpg 1024w, https:\/\/medf.unze.ba\/wp-content\/uploads\/2023\/06\/IMG_4753-768x576.jpg 768w, https:\/\/medf.unze.ba\/wp-content\/uploads\/2023\/06\/IMG_4753-1536x1152.jpg 1536w, https:\/\/medf.unze.ba\/wp-content\/uploads\/2023\/06\/IMG_4753-2048x1536.jpg 2048w\" sizes=\"auto, (max-width: 300px) 100vw, 300px\" \/><\/p>\n<p>Prof. Dr. Mirza Oru\u010d, vice dean for scientific and research work of the Faculty of Medicine presented the program of the summer school as well as the activities of the Faculty of Medicine in international and research activities.<\/p>\n<p><img loading=\"lazy\" decoding=\"async\" class=\"size-medium wp-image-1630 aligncenter\" src=\"https:\/\/medf.unze.ba\/wp-content\/uploads\/2023\/06\/IMG_4883-300x225.jpg\" alt=\"\" width=\"300\" height=\"225\" srcset=\"https:\/\/medf.unze.ba\/wp-content\/uploads\/2023\/06\/IMG_4883-300x225.jpg 300w, https:\/\/medf.unze.ba\/wp-content\/uploads\/2023\/06\/IMG_4883-1024x768.jpg 1024w, https:\/\/medf.unze.ba\/wp-content\/uploads\/2023\/06\/IMG_4883-768x576.jpg 768w, https:\/\/medf.unze.ba\/wp-content\/uploads\/2023\/06\/IMG_4883-1536x1152.jpg 1536w, https:\/\/medf.unze.ba\/wp-content\/uploads\/2023\/06\/IMG_4883-2048x1536.jpg 2048w\" sizes=\"auto, (max-width: 300px) 100vw, 300px\" \/><\/p>\n<p>Dr. Erwin Cooreman, director of the WHO office for Bosnia and Herzegovina, gave the introductory lecture on Healthy Aging in WHO perspective.<\/p>\n<p style=\"text-align: center;\"><img loading=\"lazy\" decoding=\"async\" class=\"alignnone size-medium wp-image-1638\" src=\"https:\/\/medf.unze.ba\/wp-content\/uploads\/2023\/06\/IMG_4777-1-300x225.jpg\" alt=\"\" width=\"300\" height=\"225\" srcset=\"https:\/\/medf.unze.ba\/wp-content\/uploads\/2023\/06\/IMG_4777-1-300x225.jpg 300w, https:\/\/medf.unze.ba\/wp-content\/uploads\/2023\/06\/IMG_4777-1-1024x768.jpg 1024w, https:\/\/medf.unze.ba\/wp-content\/uploads\/2023\/06\/IMG_4777-1-768x576.jpg 768w, https:\/\/medf.unze.ba\/wp-content\/uploads\/2023\/06\/IMG_4777-1-1536x1152.jpg 1536w, https:\/\/medf.unze.ba\/wp-content\/uploads\/2023\/06\/IMG_4777-1-2048x1536.jpg 2048w\" sizes=\"auto, (max-width: 300px) 100vw, 300px\" \/><\/p>\n<p>&nbsp;<\/p>\n<p style=\"text-align: left;\">The second lecture was held by Dr. Goran \u010cerkez, Assistant Minister of Health, FBIH, on the topic of Healthy Aging.<\/p>\n<p><img loading=\"lazy\" decoding=\"async\" class=\"size-medium wp-image-1635 aligncenter\" src=\"https:\/\/medf.unze.ba\/wp-content\/uploads\/2023\/06\/IMG_4812-300x225.jpg\" alt=\"\" width=\"300\" height=\"225\" srcset=\"https:\/\/medf.unze.ba\/wp-content\/uploads\/2023\/06\/IMG_4812-300x225.jpg 300w, https:\/\/medf.unze.ba\/wp-content\/uploads\/2023\/06\/IMG_4812-1024x768.jpg 1024w, https:\/\/medf.unze.ba\/wp-content\/uploads\/2023\/06\/IMG_4812-768x576.jpg 768w, https:\/\/medf.unze.ba\/wp-content\/uploads\/2023\/06\/IMG_4812-1536x1152.jpg 1536w, https:\/\/medf.unze.ba\/wp-content\/uploads\/2023\/06\/IMG_4812-2048x1536.jpg 2048w\" sizes=\"auto, (max-width: 300px) 100vw, 300px\" \/><img loading=\"lazy\" decoding=\"async\" class=\"size-medium wp-image-1639 aligncenter\" src=\"https:\/\/medf.unze.ba\/wp-content\/uploads\/2023\/06\/IMG_4804-300x225.jpg\" alt=\"\" width=\"300\" height=\"225\" srcset=\"https:\/\/medf.unze.ba\/wp-content\/uploads\/2023\/06\/IMG_4804-300x225.jpg 300w, https:\/\/medf.unze.ba\/wp-content\/uploads\/2023\/06\/IMG_4804-1024x768.jpg 1024w, https:\/\/medf.unze.ba\/wp-content\/uploads\/2023\/06\/IMG_4804-768x576.jpg 768w, https:\/\/medf.unze.ba\/wp-content\/uploads\/2023\/06\/IMG_4804-1536x1152.jpg 1536w, https:\/\/medf.unze.ba\/wp-content\/uploads\/2023\/06\/IMG_4804-2048x1536.jpg 2048w\" sizes=\"auto, (max-width: 300px) 100vw, 300px\" \/><\/p>\n<p>In the introductory lecture, Prof. Dr. Almir Badnjevi\u0107, director of the research institute Verlab, also addressed the participants.<\/p>\n<p><img loading=\"lazy\" decoding=\"async\" class=\"size-medium wp-image-1640 aligncenter\" src=\"https:\/\/medf.unze.ba\/wp-content\/uploads\/2023\/06\/IMG_4825-300x225.jpg\" alt=\"\" width=\"300\" height=\"225\" srcset=\"https:\/\/medf.unze.ba\/wp-content\/uploads\/2023\/06\/IMG_4825-300x225.jpg 300w, https:\/\/medf.unze.ba\/wp-content\/uploads\/2023\/06\/IMG_4825-1024x768.jpg 1024w, https:\/\/medf.unze.ba\/wp-content\/uploads\/2023\/06\/IMG_4825-768x576.jpg 768w, https:\/\/medf.unze.ba\/wp-content\/uploads\/2023\/06\/IMG_4825-1536x1152.jpg 1536w, https:\/\/medf.unze.ba\/wp-content\/uploads\/2023\/06\/IMG_4825-2048x1536.jpg 2048w\" sizes=\"auto, (max-width: 300px) 100vw, 300px\" \/>Two workshops were held in the afternoon part:<\/p>\n<p>&quot;Practical anatomy&quot; workshop led by Adnan Mujezinovi\u0107, PhD, and Kenan Galija\u0161evi\u0107, PhD, assistant professor.<\/p>\n<p>&nbsp;<\/p>\n<p><img loading=\"lazy\" decoding=\"async\" class=\"size-medium wp-image-1632 aligncenter\" src=\"https:\/\/medf.unze.ba\/wp-content\/uploads\/2023\/06\/IMG_4948-300x225.jpg\" alt=\"\" width=\"300\" height=\"225\" srcset=\"https:\/\/medf.unze.ba\/wp-content\/uploads\/2023\/06\/IMG_4948-300x225.jpg 300w, https:\/\/medf.unze.ba\/wp-content\/uploads\/2023\/06\/IMG_4948-1024x768.jpg 1024w, https:\/\/medf.unze.ba\/wp-content\/uploads\/2023\/06\/IMG_4948-768x576.jpg 768w, https:\/\/medf.unze.ba\/wp-content\/uploads\/2023\/06\/IMG_4948-1536x1152.jpg 1536w, https:\/\/medf.unze.ba\/wp-content\/uploads\/2023\/06\/IMG_4948-2048x1536.jpg 2048w\" sizes=\"auto, (max-width: 300px) 100vw, 300px\" \/><\/p>\n<p>The second workshop on &quot;Intercultural Nursing&quot; was held by Prof. Judith Pelican from the University of Applied Science from Groningen, the Netherlands.<\/p>\n<p><img loading=\"lazy\" decoding=\"async\" class=\"size-medium wp-image-1631 aligncenter\" src=\"https:\/\/medf.unze.ba\/wp-content\/uploads\/2023\/06\/IMG_4921-300x225.jpg\" alt=\"\" width=\"300\" height=\"225\" srcset=\"https:\/\/medf.unze.ba\/wp-content\/uploads\/2023\/06\/IMG_4921-300x225.jpg 300w, https:\/\/medf.unze.ba\/wp-content\/uploads\/2023\/06\/IMG_4921-1024x768.jpg 1024w, https:\/\/medf.unze.ba\/wp-content\/uploads\/2023\/06\/IMG_4921-768x576.jpg 768w, https:\/\/medf.unze.ba\/wp-content\/uploads\/2023\/06\/IMG_4921-1536x1152.jpg 1536w, https:\/\/medf.unze.ba\/wp-content\/uploads\/2023\/06\/IMG_4921-2048x1536.jpg 2048w\" sizes=\"auto, (max-width: 300px) 100vw, 300px\" \/><\/p>\n<p>During this summer school, a large number of participants from Bosnia and Herzegovina, the Netherlands, Serbia, Greece, Belgium and other countries will have the opportunity to listen to interesting lectures and participate in various workshops.<\/p>\n<p>There are still a few places available and you can join<\/p>\n<p>You can find tomorrow&#039;s program here <a href=\"https:\/\/medf.unze.ba\/en\/summer-school\/#day2\">LINK<\/a>.<\/p>","protected":false},"excerpt":{"rendered":"<p>Today, a summer school organized by the Faculty of Medicine of the University of Zenica under the name Summer School &quot;Healthy Aging Challenges in BIH&quot; began. The official opening was held at 10:00 a.m. in the amphitheater of the Faculty of Medicine and continued with lectures by eminent experts.<\/p>","protected":false},"author":2,"featured_media":1641,"comment_status":"closed","ping_status":"closed","sticky":false,"template":"","format":"standard","meta":{"footnotes":""},"categories":[1],"tags":[16,19,25,20,14,30,24,23,21,32,22,15,28,17,33,18],"class_list":["post-1625","post","type-post","status-publish","format-standard","has-post-thumbnail","hentry","category-nekategorisano","tag-aktuelnosti","tag-konferencija","tag-magistarski-rad","tag-master-studij","tag-medunarodna-saradnja","tag-mentalno-zdravlje","tag-najava","tag-nastava","tag-opca-medicina","tag-populacija","tag-prijemni-ispit","tag-projekti","tag-raspored","tag-studenti","tag-zahvalnica","tag-zdravstvena-njega","entry","has-media"],"_links":{"self":[{"href":"https:\/\/medf.unze.ba\/en\/wp-json\/wp\/v2\/posts\/1625","targetHints":{"allow":["GET"]}}],"collection":[{"href":"https:\/\/medf.unze.ba\/en\/wp-json\/wp\/v2\/posts"}],"about":[{"href":"https:\/\/medf.unze.ba\/en\/wp-json\/wp\/v2\/types\/post"}],"author":[{"embeddable":true,"href":"https:\/\/medf.unze.ba\/en\/wp-json\/wp\/v2\/users\/2"}],"replies":[{"embeddable":true,"href":"https:\/\/medf.unze.ba\/en\/wp-json\/wp\/v2\/comments?post=1625"}],"version-history":[{"count":1,"href":"https:\/\/medf.unze.ba\/en\/wp-json\/wp\/v2\/posts\/1625\/revisions"}],"predecessor-version":[{"id":1643,"href":"https:\/\/medf.unze.ba\/en\/wp-json\/wp\/v2\/posts\/1625\/revisions\/1643"}],"wp:featuredmedia":[{"embeddable":true,"href":"https:\/\/medf.unze.ba\/en\/wp-json\/wp\/v2\/media\/1641"}],"wp:attachment":[{"href":"https:\/\/medf.unze.ba\/en\/wp-json\/wp\/v2\/media?parent=1625"}],"wp:term":[{"taxonomy":"category","embeddable":true,"href":"https:\/\/medf.unze.ba\/en\/wp-json\/wp\/v2\/categories?post=1625"},{"taxonomy":"post_tag","embeddable":true,"href":"https:\/\/medf.unze.ba\/en\/wp-json\/wp\/v2\/tags?post=1625"}],"curies":[{"name":"wp","href":"https:\/\/api.w.org\/{rel}","templated":true}]}}